{"id":890,"date":"2021-06-14T15:06:27","date_gmt":"2021-06-14T15:06:27","guid":{"rendered":"https:\/\/www.evelia.unrc.edu.ar\/ensenaryAprenderEnLaVirtualidad\/?p=890"},"modified":"2021-06-14T18:05:09","modified_gmt":"2021-06-14T18:05:09","slug":"reapertura-de-inscripciones-para-dos-cursos-de-las-instancias-formativas-en-educacion-virtual-y-mixta-segunda-cohorte","status":"publish","type":"post","link":"https:\/\/www.evelia.unrc.edu.ar\/ensenaryAprenderEnLaVirtualidad\/2021\/06\/14\/reapertura-de-inscripciones-para-dos-cursos-de-las-instancias-formativas-en-educacion-virtual-y-mixta-segunda-cohorte\/","title":{"rendered":"Reapertura de inscripciones para dos cursos de las Instancias Formativas en Educaci\u00f3n Virtual y Mixta (Segunda cohorte)."},"content":{"rendered":"\n<figure class=\"wp-block-gallery columns-1 is-cropped wp-block-gallery-1 is-layout-flex wp-block-gallery-is-layout-flex\"><ul class=\"blocks-gallery-grid\"><li class=\"blocks-gallery-item\"><figure><img loading=\"lazy\" decoding=\"async\" width=\"1024\" height=\"373\" src=\"https:\/\/www.evelia.unrc.edu.ar\/ensenaryAprenderEnLaVirtualidad\/wp-content\/uploads\/2021\/06\/Capacitaciones-2-da-cohorte-NUEVO_Mesa-de-trabajo-1-1024x373.jpg\" alt=\"\" data-id=\"894\" data-full-url=\"https:\/\/www.evelia.unrc.edu.ar\/ensenaryAprenderEnLaVirtualidad\/wp-content\/uploads\/2021\/06\/Capacitaciones-2-da-cohorte-NUEVO_Mesa-de-trabajo-1-scaled.jpg\" data-link=\"https:\/\/www.evelia.unrc.edu.ar\/ensenaryAprenderEnLaVirtualidad\/?attachment_id=894\" class=\"wp-image-894\" srcset=\"https:\/\/www.evelia.unrc.edu.ar\/ensenaryAprenderEnLaVirtualidad\/wp-content\/uploads\/2021\/06\/Capacitaciones-2-da-cohorte-NUEVO_Mesa-de-trabajo-1-1024x373.jpg 1024w, https:\/\/www.evelia.unrc.edu.ar\/ensenaryAprenderEnLaVirtualidad\/wp-content\/uploads\/2021\/06\/Capacitaciones-2-da-cohorte-NUEVO_Mesa-de-trabajo-1-300x109.jpg 300w, https:\/\/www.evelia.unrc.edu.ar\/ensenaryAprenderEnLaVirtualidad\/wp-content\/uploads\/2021\/06\/Capacitaciones-2-da-cohorte-NUEVO_Mesa-de-trabajo-1-768x280.jpg 768w, https:\/\/www.evelia.unrc.edu.ar\/ensenaryAprenderEnLaVirtualidad\/wp-content\/uploads\/2021\/06\/Capacitaciones-2-da-cohorte-NUEVO_Mesa-de-trabajo-1-1536x560.jpg 1536w, https:\/\/www.evelia.unrc.edu.ar\/ensenaryAprenderEnLaVirtualidad\/wp-content\/uploads\/2021\/06\/Capacitaciones-2-da-cohorte-NUEVO_Mesa-de-trabajo-1-2048x747.jpg 2048w, https:\/\/www.evelia.unrc.edu.ar\/ensenaryAprenderEnLaVirtualidad\/wp-content\/uploads\/2021\/06\/Capacitaciones-2-da-cohorte-NUEVO_Mesa-de-trabajo-1-1400x510.jpg 1400w, https:\/\/www.evelia.unrc.edu.ar\/ensenaryAprenderEnLaVirtualidad\/wp-content\/uploads\/2021\/06\/Capacitaciones-2-da-cohorte-NUEVO_Mesa-de-trabajo-1-600x219.jpg 600w\" sizes=\"auto, (max-width: 1024px) 100vw, 1024px\" \/><\/figure><\/li><\/ul><\/figure>\n\n\n\n<p>Estimadas\/os  docentes, les comunicamos sobre la reapertura de inscripciones para los cursos \u00abEvaluaci\u00f3n de aprendizajes en la virtualidad, nivel II\u00bb y \u00abDerechos de autor y licencias de uso\u00bb. Se trata de la segunda cohorte de las capacitaciones en&nbsp; Educaci\u00f3n Virtual y Mixta (blended learning) de la Universidad Nacional de R\u00edo Cuarto. <\/p>\n\n\n\n<!--more-->\n\n\n\n<p>A continuaci\u00f3n les brindamos una descripci\u00f3n de cada capacitaci\u00f3n y los enlaces de inscripci\u00f3n. Ante cualquier consulta puede escribir a <a href=\"mailto:unrcvirtual@ac.unrc.edu.ar\" target=\"_blank\" rel=\"noreferrer noopener\">unrcvirtual@ac.unrc.edu.ar<\/a> <\/p>\n\n\n\n<h3 class=\"wp-block-heading\"><strong>Evaluaci\u00f3n de aprendizajes en la virtualidad (Nivel II)<\/strong><\/h3>\n\n\n\n<figure class=\"wp-block-gallery columns-1 is-cropped wp-block-gallery-2 is-layout-flex wp-block-gallery-is-layout-flex\"><ul class=\"blocks-gallery-grid\"><li class=\"blocks-gallery-item\"><figure><img loading=\"lazy\" decoding=\"async\" width=\"1024\" height=\"253\" src=\"https:\/\/www.evelia.unrc.edu.ar\/ensenaryAprenderEnLaVirtualidad\/wp-content\/uploads\/2021\/06\/Capacitaciones-2-\u00b0-curso-3b-1024x253.jpg\" alt=\"\" data-id=\"892\" data-full-url=\"https:\/\/www.evelia.unrc.edu.ar\/ensenaryAprenderEnLaVirtualidad\/wp-content\/uploads\/2021\/06\/Capacitaciones-2-\u00b0-curso-3b.jpg\" data-link=\"https:\/\/www.evelia.unrc.edu.ar\/ensenaryAprenderEnLaVirtualidad\/?attachment_id=892\" class=\"wp-image-892\" srcset=\"https:\/\/www.evelia.unrc.edu.ar\/ensenaryAprenderEnLaVirtualidad\/wp-content\/uploads\/2021\/06\/Capacitaciones-2-\u00b0-curso-3b-1024x253.jpg 1024w, https:\/\/www.evelia.unrc.edu.ar\/ensenaryAprenderEnLaVirtualidad\/wp-content\/uploads\/2021\/06\/Capacitaciones-2-\u00b0-curso-3b-300x74.jpg 300w, https:\/\/www.evelia.unrc.edu.ar\/ensenaryAprenderEnLaVirtualidad\/wp-content\/uploads\/2021\/06\/Capacitaciones-2-\u00b0-curso-3b-768x190.jpg 768w, https:\/\/www.evelia.unrc.edu.ar\/ensenaryAprenderEnLaVirtualidad\/wp-content\/uploads\/2021\/06\/Capacitaciones-2-\u00b0-curso-3b-1536x380.jpg 1536w, https:\/\/www.evelia.unrc.edu.ar\/ensenaryAprenderEnLaVirtualidad\/wp-content\/uploads\/2021\/06\/Capacitaciones-2-\u00b0-curso-3b-1400x346.jpg 1400w, https:\/\/www.evelia.unrc.edu.ar\/ensenaryAprenderEnLaVirtualidad\/wp-content\/uploads\/2021\/06\/Capacitaciones-2-\u00b0-curso-3b-600x148.jpg 600w, https:\/\/www.evelia.unrc.edu.ar\/ensenaryAprenderEnLaVirtualidad\/wp-content\/uploads\/2021\/06\/Capacitaciones-2-\u00b0-curso-3b.jpg 1921w\" sizes=\"auto, (max-width: 1024px) 100vw, 1024px\" \/><\/figure><\/li><\/ul><\/figure>\n\n\n\n<p>Este curso tiene la intenci\u00f3n de promover la utilizaci\u00f3n de aulas virtuales en la UNRC para avanzar en el desarrollo parcial de las asignaturas en una modalidad no presencial o mixta (blended learning), analizando las formas de evaluaci\u00f3n para redise\u00f1ar las propuestas pedag\u00f3gicas universitarias, dentro del marco de la normativa ministerial RME 2641\/17 y la Resoluci\u00f3n de Consejo Superior N\u00ba 297\/2017.<br>CONTENIDOS: Dise\u00f1o de propuestas educativas con aulas virtuales. Evaluaci\u00f3n de los aprendizajes. La evaluaci\u00f3n diagn\u00f3stica, formativa o sumativa. Evaluaci\u00f3n, Calificaci\u00f3n y Acreditaci\u00f3n. Evaluaci\u00f3n en entornos virtuales. Herramientas para evaluaci\u00f3n disponibles en las aulas virtuales y su uso did\u00e1ctico. Sugerencias y consideraciones para la toma de ex\u00e1menes. An\u00e1lisis de experiencias ya desarrolladas.<\/p>\n\n\n\n<p>El principal objetivo es conocer en profundidad la herramienta Evaluaciones de EVELIA, la cual permite implementar instancias (cuestionarios, autoevaluaciones y ex\u00e1menes en l\u00ednea) de car\u00e1cter evaluativas en los procesos educativos.<\/p>\n\n\n\n<p><strong>Fecha de inicio: 23\/06\/21<\/strong><\/p>\n\n\n\n<p>Cupo: 40 inscriptos.<\/p>\n\n\n\n<p>Link de Inscripci\u00f3n: <a href=\"https:\/\/forms.gle\/W39kCW4D4gT7hbGS6\">https:\/\/forms.gle\/W39kCW4D4gT7hbGS6<\/a><\/p>\n\n\n\n<p><\/p>\n\n\n\n<h3 class=\"wp-block-heading\"><strong>Derechos de autor y Licencias de uso<\/strong><\/h3>\n\n\n\n<figure class=\"wp-block-gallery columns-1 is-cropped wp-block-gallery-3 is-layout-flex wp-block-gallery-is-layout-flex\"><ul class=\"blocks-gallery-grid\"><li class=\"blocks-gallery-item\"><figure><img loading=\"lazy\" decoding=\"async\" width=\"1024\" height=\"253\" src=\"https:\/\/www.evelia.unrc.edu.ar\/ensenaryAprenderEnLaVirtualidad\/wp-content\/uploads\/2021\/06\/Capacitaciones-2-curso-5-10-1024x253.jpg\" alt=\"\" data-id=\"893\" data-full-url=\"https:\/\/www.evelia.unrc.edu.ar\/ensenaryAprenderEnLaVirtualidad\/wp-content\/uploads\/2021\/06\/Capacitaciones-2-curso-5-10-scaled.jpg\" data-link=\"https:\/\/www.evelia.unrc.edu.ar\/ensenaryAprenderEnLaVirtualidad\/?attachment_id=893\" class=\"wp-image-893\" srcset=\"https:\/\/www.evelia.unrc.edu.ar\/ensenaryAprenderEnLaVirtualidad\/wp-content\/uploads\/2021\/06\/Capacitaciones-2-curso-5-10-1024x253.jpg 1024w, https:\/\/www.evelia.unrc.edu.ar\/ensenaryAprenderEnLaVirtualidad\/wp-content\/uploads\/2021\/06\/Capacitaciones-2-curso-5-10-300x74.jpg 300w, https:\/\/www.evelia.unrc.edu.ar\/ensenaryAprenderEnLaVirtualidad\/wp-content\/uploads\/2021\/06\/Capacitaciones-2-curso-5-10-768x190.jpg 768w, https:\/\/www.evelia.unrc.edu.ar\/ensenaryAprenderEnLaVirtualidad\/wp-content\/uploads\/2021\/06\/Capacitaciones-2-curso-5-10-1536x379.jpg 1536w, https:\/\/www.evelia.unrc.edu.ar\/ensenaryAprenderEnLaVirtualidad\/wp-content\/uploads\/2021\/06\/Capacitaciones-2-curso-5-10-2048x506.jpg 2048w, https:\/\/www.evelia.unrc.edu.ar\/ensenaryAprenderEnLaVirtualidad\/wp-content\/uploads\/2021\/06\/Capacitaciones-2-curso-5-10-1400x346.jpg 1400w, https:\/\/www.evelia.unrc.edu.ar\/ensenaryAprenderEnLaVirtualidad\/wp-content\/uploads\/2021\/06\/Capacitaciones-2-curso-5-10-600x148.jpg 600w\" sizes=\"auto, (max-width: 1024px) 100vw, 1024px\" \/><\/figure><\/li><\/ul><\/figure>\n\n\n\n<p>Este curso tiene la intenci\u00f3n de dar continuidad a las acciones de capacitaci\u00f3n que venimos realizando y promover la utilizaci\u00f3n del Repositorio Digital Institucional (en elaboraci\u00f3n) en el marco de la <em>Pol\u00edtica Institucional de Acceso Abierto que se est\u00e1 discutiendo para toda la Universidad<\/em>.<\/p>\n\n\n\n<p>El curso est\u00e1 destinado a docentes de la UNRC y se desarrollar\u00e1 bajo modalidad no presencial utilizando el <a href=\"http:\/\/www.evelia.unrc.edu.ar\/\">Campus Virtual EVELIA<\/a>. Est\u00e1 a cargo de especialistas en educaci\u00f3n a distancia y TIC.<\/p>\n\n\n\n<p>CONTENIDOS: Conocimiento y derecho de autor. Cultura participativa. Copyright y&nbsp; Licenciamiento de contenido. Tipos de licenciamiento. Repositorio de recursos libres. Repositorio Digital Institucional y Pol\u00edticas de Acceso Abierto de la UNRC.<\/p>\n\n\n\n<p><strong>Fecha de inicio: 23\/06\/21<\/strong><\/p>\n\n\n\n<p>Cupo: 40 inscriptos.<\/p>\n\n\n\n<p>Link de Inscripci\u00f3n: <a href=\"https:\/\/forms.gle\/qw1hvVBUjyYsZdLS6\">https:\/\/forms.gle\/qw1hvVBUjyYsZdLS6<\/a><\/p>\n","protected":false},"excerpt":{"rendered":"<p>Estimadas\/os docentes, les comunicamos sobre la reapertura de inscripciones para los cursos \u00abEvaluaci\u00f3n de aprendizajes en la virtualidad, nivel II\u00bb y \u00abDerechos de autor y licencias de uso\u00bb. Se trata de la segunda cohorte de las capacitaciones en&nbsp; Educaci\u00f3n Virtual y Mixta (blended learning) de la Universidad Nacional de R\u00edo Cuarto.<\/p>\n","protected":false},"author":2,"featured_media":0,"comment_status":"open","ping_status":"open","sticky":false,"template":"","format":"standard","meta":{"footnotes":""},"categories":[6,7],"tags":[],"class_list":["post-890","post","type-post","status-publish","format-standard","hentry","category-capacitaciones","category-novedades","clear"],"_links":{"self":[{"href":"https:\/\/www.evelia.unrc.edu.ar\/ensenaryAprenderEnLaVirtualidad\/wp-json\/wp\/v2\/posts\/890","targetHints":{"allow":["GET"]}}],"collection":[{"href":"https:\/\/www.evelia.unrc.edu.ar\/ensenaryAprenderEnLaVirtualidad\/wp-json\/wp\/v2\/posts"}],"about":[{"href":"https:\/\/www.evelia.unrc.edu.ar\/ensenaryAprenderEnLaVirtualidad\/wp-json\/wp\/v2\/types\/post"}],"author":[{"embeddable":true,"href":"https:\/\/www.evelia.unrc.edu.ar\/ensenaryAprenderEnLaVirtualidad\/wp-json\/wp\/v2\/users\/2"}],"replies":[{"embeddable":true,"href":"https:\/\/www.evelia.unrc.edu.ar\/ensenaryAprenderEnLaVirtualidad\/wp-json\/wp\/v2\/comments?post=890"}],"version-history":[{"count":4,"href":"https:\/\/www.evelia.unrc.edu.ar\/ensenaryAprenderEnLaVirtualidad\/wp-json\/wp\/v2\/posts\/890\/revisions"}],"predecessor-version":[{"id":898,"href":"https:\/\/www.evelia.unrc.edu.ar\/ensenaryAprenderEnLaVirtualidad\/wp-json\/wp\/v2\/posts\/890\/revisions\/898"}],"wp:attachment":[{"href":"https:\/\/www.evelia.unrc.edu.ar\/ensenaryAprenderEnLaVirtualidad\/wp-json\/wp\/v2\/media?parent=890"}],"wp:term":[{"taxonomy":"category","embeddable":true,"href":"https:\/\/www.evelia.unrc.edu.ar\/ensenaryAprenderEnLaVirtualidad\/wp-json\/wp\/v2\/categories?post=890"},{"taxonomy":"post_tag","embeddable":true,"href":"https:\/\/www.evelia.unrc.edu.ar\/ensenaryAprenderEnLaVirtualidad\/wp-json\/wp\/v2\/tags?post=890"}],"curies":[{"name":"wp","href":"https:\/\/api.w.org\/{rel}","templated":true}]}}