{"id":433,"date":"2021-02-22T16:05:28","date_gmt":"2021-02-22T16:05:28","guid":{"rendered":"https:\/\/www.evelia.unrc.edu.ar\/ensenaryAprenderEnLaVirtualidad\/?p=433"},"modified":"2021-10-21T13:53:07","modified_gmt":"2021-10-21T13:53:07","slug":"instancias-formativas-en-educacion-virtual-y-mixta-blended-learning","status":"publish","type":"post","link":"https:\/\/www.evelia.unrc.edu.ar\/ensenaryAprenderEnLaVirtualidad\/2021\/02\/22\/instancias-formativas-en-educacion-virtual-y-mixta-blended-learning\/","title":{"rendered":"Instancias formativas en Educaci\u00f3n Virtual y Mixta (blended learning)"},"content":{"rendered":"\n<figure class=\"wp-block-image size-large\"><img loading=\"lazy\" decoding=\"async\" width=\"1024\" height=\"373\" src=\"https:\/\/www.evelia.unrc.edu.ar\/ensenaryAprenderEnLaVirtualidad\/wp-content\/uploads\/2021\/02\/hoja-de-ruta_listo-1024x373.jpg\" alt=\"\" class=\"wp-image-448\" srcset=\"https:\/\/www.evelia.unrc.edu.ar\/ensenaryAprenderEnLaVirtualidad\/wp-content\/uploads\/2021\/02\/hoja-de-ruta_listo-1024x373.jpg 1024w, https:\/\/www.evelia.unrc.edu.ar\/ensenaryAprenderEnLaVirtualidad\/wp-content\/uploads\/2021\/02\/hoja-de-ruta_listo-300x109.jpg 300w, https:\/\/www.evelia.unrc.edu.ar\/ensenaryAprenderEnLaVirtualidad\/wp-content\/uploads\/2021\/02\/hoja-de-ruta_listo-768x280.jpg 768w, https:\/\/www.evelia.unrc.edu.ar\/ensenaryAprenderEnLaVirtualidad\/wp-content\/uploads\/2021\/02\/hoja-de-ruta_listo-1536x560.jpg 1536w, https:\/\/www.evelia.unrc.edu.ar\/ensenaryAprenderEnLaVirtualidad\/wp-content\/uploads\/2021\/02\/hoja-de-ruta_listo-1400x510.jpg 1400w, https:\/\/www.evelia.unrc.edu.ar\/ensenaryAprenderEnLaVirtualidad\/wp-content\/uploads\/2021\/02\/hoja-de-ruta_listo-600x219.jpg 600w, https:\/\/www.evelia.unrc.edu.ar\/ensenaryAprenderEnLaVirtualidad\/wp-content\/uploads\/2021\/02\/hoja-de-ruta_listo.jpg 1920w\" sizes=\"auto, (max-width: 1024px) 100vw, 1024px\" \/><\/figure>\n\n\n\n<p>Estimadas\/os colegas docentes, nos agrada comunicarles la reapertura de las capacitaciones en &nbsp;Educaci\u00f3n Virtual y Mixta (blended learning) de la Universidad Nacional de R\u00edo Cuarto, llevadas a cabo en el marco de la \u201cPlanificaci\u00f3n en contextos de pandemia y pospandemia\u201d elaborada por Rectorado, Eje transversal \u00abPlataformas Tecnol\u00f3gicas en el contexto de virtualidad plena y presencialidad con virtualidad\u00bb.<\/p>\n\n\n\n<!--more-->\n\n\n\n<p>Las capacitaciones est\u00e1n destinadas a docentes de nuestra Universidad. El plazo de inscripci\u00f3n se corresponde a la fecha de inicio de cada curso (hasta el 09\/03\/21 o el 16\/03\/21). Es importante considerar que las capacitaciones tienen un cupo m\u00e1ximo de 40 y 50 inscriptos.<\/p>\n\n\n\n<p>Los cursos poseen reconocimiento institucional individual (cada curso no tiene arancel y cuenta con certificaci\u00f3n). Los mismos ser\u00e1n desarrollados bajo modalidad 100% virtual utilizando el <a href=\"http:\/\/www.evelia.unrc.edu.ar\/\">Campus Virtual EVELIA<\/a> como un entorno de comunicaci\u00f3n y encuentro, donde el tiempo y el espacio juegan un rol diferente al aula tradicional, ya que las posibilidades de intercambio son permanentes; aunque no necesariamente sincr\u00f3nicas. Si bien cada actividad tendr\u00e1 plazos de realizaci\u00f3n, cada docente cursante se organizar\u00e1 para realizarlas en los horarios que deseen, que se sientan m\u00e1s tranquilos y con mayor capacidad de  concentraci\u00f3n, que dispongan del equipamiento adecuado, de conexi\u00f3n a Internet, etc.<br><\/p>\n\n\n\n<p>Todos los cursos tienen una duraci\u00f3n total de 30 horas (1 1\/2 cr\u00e9dito) a desarrollarse en un lapso de 4 semanas. Las 30 horas se distribuyen de la siguiente manera: 20 horas off-line dedicadas a la lectura de material y realizaci\u00f3n de trabajos evaluables, y 10 horas on-line, en el aula virtual del curso, destinadas a la lectura de las gu\u00edas de trabajo, visualizaci\u00f3n de material multimedia, participaci\u00f3n en consultas mediante videoconferencias y foro, y realizaci\u00f3n de actividades de aprendizaje mediante las herramientas de foro, actividades y evaluaci\u00f3n.<\/p>\n\n\n\n<p>Si bien se sugiere un recorrido en el cursado, cada docente puede optar por realizar el curso que considere de acuerdo a las competencias que ya ha adquirido.<\/p>\n\n\n\n<p>Ante cualquier duda o consulta comunicarse a unrcvirtual@rec.unrc.edu.ar<\/p>\n\n\n\n<p>Los cursos habilitados son:<\/p>\n\n\n\n<ol class=\"wp-block-list\"><li><strong>Mi primer aula virtual en EVELIA<\/strong><\/li><\/ol>\n\n\n\n<p>Este curso tiene la intenci\u00f3n de formar y acompa\u00f1ar, en sus primeros pasos, a docentes que deseen implementar la utilizaci\u00f3n de aulas virtuales en sus pr\u00e1cticas educativas.<\/p>\n\n\n\n<p>CONTENIDOS: Entornos virtuales de ense\u00f1anza y aprendizaje. Aula Virtual como aula extendida. Pautas y sugerencias metodol\u00f3gicas. Entorno Virtual institucional EVELIA. Caracter\u00edsticas y herramientas disponibles en EVELIA. Gesti\u00f3n y Administraci\u00f3n de las aulas virtuales de EVELIA.<br>Fecha de inicio: 9\/3\/21<\/p>\n\n\n\n<p>Cupo: 50 inscriptos.<\/p>\n\n\n\n<p><strong><em>Inscripci\u00f3n finalizada.<\/em><\/strong><\/p>\n\n\n\n<ol class=\"wp-block-list\" start=\"2\"><li><strong>Estrategias de ense\u00f1anza en la virtualidad<\/strong><\/li><\/ol>\n\n\n\n<p>Este curso tiene la intenci\u00f3n de promover la utilizaci\u00f3n de aulas virtuales en la UNRC para avanzar en el desarrollo parcial de las asignaturas en una modalidad no presencial o mixta (blended learning), analizando las formas de organizaci\u00f3n, comunicaci\u00f3n, acceso a los materiales, pr\u00e1cticas de aprendizaje y evaluaci\u00f3n, para redise\u00f1ar las propuestas pedag\u00f3gicas universitarias, dentro del marco de la normativa ministerial RME 2641\/17 y la Resoluci\u00f3n de Consejo Superior N\u00ba 297\/2017.<\/p>\n\n\n\n<p>CONTENIDOS: Entornos virtuales de ense\u00f1anza y aprendizaje. Aula Virtual como aula extendida. Pautas y sugerencias metodol\u00f3gicas. Entornos Virtuales institucionales. Dise\u00f1o de propuestas pedag\u00f3gicas. Dimensiones de un aula virtual. Estrategias de ense\u00f1anza.<\/p>\n\n\n\n<p>Fecha de inicio: 9\/3\/21<\/p>\n\n\n\n<p>Cupo: 50 inscriptos.<\/p>\n\n\n\n<p><strong><em>Inscripci\u00f3n finalizada.<\/em><\/strong><\/p>\n\n\n\n<ol class=\"wp-block-list\" start=\"3\"><li><strong>Evaluaci\u00f3n de aprendizajes en la virtualidad (Nivel I y Nivel II)<\/strong><\/li><\/ol>\n\n\n\n<p>Este curso tiene la intenci\u00f3n de promover la utilizaci\u00f3n de aulas virtuales en la UNRC para avanzar en el desarrollo parcial de las asignaturas en una modalidad no presencial o mixta (blended learning), analizando las formas de evaluaci\u00f3n para redise\u00f1ar las propuestas pedag\u00f3gicas universitarias, dentro del marco de la normativa ministerial RME 2641\/17 y la Resoluci\u00f3n de Consejo Superior N\u00ba 297\/2017.<\/p>\n\n\n\n<p>CONTENIDOS GENERALES: Dise\u00f1o de propuestas educativas con aulas virtuales. Evaluaci\u00f3n de los aprendizajes. La evaluaci\u00f3n diagn\u00f3stica, formativa o sumativa. Evaluaci\u00f3n, Calificaci\u00f3n y Acreditaci\u00f3n. Evaluaci\u00f3n en entornos virtuales. Herramientas para evaluaci\u00f3n disponibles en las aulas virtuales y su uso did\u00e1ctico. Sugerencias y consideraciones para la toma de ex\u00e1menes. An\u00e1lisis de experiencias ya desarrolladas.<\/p>\n\n\n\n<p>Fecha de inicio (ambos niveles): 16\/3\/21<\/p>\n\n\n\n<p>Cupo (ambos niveles): 40 inscriptos.<\/p>\n\n\n\n<p><strong>CONTENIDOS Nivel I<br>Aproximaci\u00f3n conceptual a la evaluaci\u00f3n de los aprendizajes.<br>Evaluar en la virtualidad. \u00bfQu\u00e9 evaluamos cuando evaluamos? &#8211; La<br>evaluaci\u00f3n como problema did\u00e1ctico.<br>Instrumentos y t\u00e9cnicas de la evaluaci\u00f3n de los aprendizajes en el<br>entorno virtual EVELIA<\/strong>.<\/p>\n\n\n\n<p>Link de Inscripci\u00f3n (Nivel I): <a rel=\"noreferrer noopener\" href=\"https:\/\/forms.gle\/bu1E72diLB1MXyk37\" target=\"_blank\">https:\/\/forms.gle\/bu1E72diLB1MXyk37<\/a><\/p>\n\n\n\n<p><strong>CONTENIDOS<\/strong> <strong>Nivel II<br>Evaluaci\u00f3n como pr\u00e1ctica poderosa.<br>Evaluaci\u00f3n aut\u00e9ntica.<br>Elaboraci\u00f3n de un instrumento de evaluaci\u00f3n en el entorno virtual EVELIA<\/strong>.<\/p>\n\n\n\n<p>Link de Inscripci\u00f3n (Nivel II): <a href=\"https:\/\/forms.gle\/W39kCW4D4gT7hbGS6\" target=\"_blank\" rel=\"noreferrer noopener\">https:\/\/forms.gle\/W39kCW4D4gT7hbGS6<\/a><\/p>\n\n\n\n<ol class=\"wp-block-list\" start=\"4\"><li><strong>Dise\u00f1o de materiales de aprendizaje. Herramientas para desarrollar clases de forma sincr\u00f3nica y asincr\u00f3nica<\/strong><\/li><\/ol>\n\n\n\n<p>Este curso tiene la intenci\u00f3n de abordar, categorizar, analizar y apropiar diferentes herramientas que permiten dise\u00f1ar materiales, como as\u00ed tambi\u00e9n aquellas que son necesarias para el desarrollo de clases acompa\u00f1adas con materiales digitales.<\/p>\n\n\n\n<p>CONTENIDOS: Dise\u00f1o de materiales de aprendizaje. Herramientas para desarrollar clases de forma asincr\u00f3nica y sincr\u00f3nica (para grupos reducidos y para grupos masivos). \u00bfC\u00f3mo grabar clases utilizando VokoscreenNG, Loom, OBS, aTube Catcher u otras herramientas?. Editar y compartir videos sobre contenidos te\u00f3rico-pr\u00e1cticos. \u00bfC\u00f3mo transmitir clases en vivo?. \u00bfCu\u00e1ndo usar videoconferencias?.<\/p>\n\n\n\n<p>Fecha de inicio: 9\/3\/21<\/p>\n\n\n\n<p>Cupo: 50 inscriptos.<\/p>\n\n\n\n<p><strong><em>Inscripci\u00f3n finalizada.<\/em><\/strong><\/p>\n\n\n\n<ol class=\"wp-block-list\" start=\"5\"><li><strong>Derechos de autor y Licencias de uso<\/strong><\/li><\/ol>\n\n\n\n<p>Este curso tiene la intenci\u00f3n de dar continuidad a las acciones de capacitaci\u00f3n que venimos realizando y promover la utilizaci\u00f3n del Repositorio Digital Institucional (en elaboraci\u00f3n) en el marco de la <em>Pol\u00edtica Institucional de Acceso Abierto que se est\u00e1 discutiendo para toda la Universidad<\/em>.<\/p>\n\n\n\n<p>CONTENIDOS: Conocimiento y derecho de autor. Cultura participativa. Copyright y&nbsp; Licenciamiento de contenido. Tipos de licenciamiento. Repositorio de recursos libres. Repositorio Digital Institucional y Pol\u00edticas de Acceso Abierto de la UNRC.<\/p>\n\n\n\n<p>Fecha de inicio: 16\/3\/21<\/p>\n\n\n\n<p>Cupo: 40 inscriptos.<\/p>\n\n\n\n<p>Link de Inscripci\u00f3n: <a href=\"https:\/\/forms.gle\/qw1hvVBUjyYsZdLS6\" target=\"_blank\" rel=\"noreferrer noopener\">https:\/\/forms.gle\/qw1hvVBUjyYsZdLS6<\/a><\/p>\n\n\n\n<p>Saludos cordiales.<\/p>\n","protected":false},"excerpt":{"rendered":"<p>Estimadas\/os colegas docentes, nos agrada comunicarles la reapertura de las capacitaciones en &nbsp;Educaci\u00f3n Virtual y Mixta (blended learning) de la Universidad Nacional de R\u00edo Cuarto, llevadas a cabo en el marco de la \u201cPlanificaci\u00f3n en contextos de pandemia y pospandemia\u201d elaborada por Rectorado, Eje transversal \u00abPlataformas Tecnol\u00f3gicas en el contexto de virtualidad plena y presencialidad&#8230; <a class=\"more-link\" href=\"https:\/\/www.evelia.unrc.edu.ar\/ensenaryAprenderEnLaVirtualidad\/2021\/02\/22\/instancias-formativas-en-educacion-virtual-y-mixta-blended-learning\/#more-433\">Leer m\u00e1s &rarr;<\/a><\/p>\n","protected":false},"author":2,"featured_media":0,"comment_status":"open","ping_status":"open","sticky":false,"template":"","format":"standard","meta":{"footnotes":""},"categories":[6],"tags":[],"class_list":["post-433","post","type-post","status-publish","format-standard","hentry","category-capacitaciones","clear"],"_links":{"self":[{"href":"https:\/\/www.evelia.unrc.edu.ar\/ensenaryAprenderEnLaVirtualidad\/wp-json\/wp\/v2\/posts\/433","targetHints":{"allow":["GET"]}}],"collection":[{"href":"https:\/\/www.evelia.unrc.edu.ar\/ensenaryAprenderEnLaVirtualidad\/wp-json\/wp\/v2\/posts"}],"about":[{"href":"https:\/\/www.evelia.unrc.edu.ar\/ensenaryAprenderEnLaVirtualidad\/wp-json\/wp\/v2\/types\/post"}],"author":[{"embeddable":true,"href":"https:\/\/www.evelia.unrc.edu.ar\/ensenaryAprenderEnLaVirtualidad\/wp-json\/wp\/v2\/users\/2"}],"replies":[{"embeddable":true,"href":"https:\/\/www.evelia.unrc.edu.ar\/ensenaryAprenderEnLaVirtualidad\/wp-json\/wp\/v2\/comments?post=433"}],"version-history":[{"count":20,"href":"https:\/\/www.evelia.unrc.edu.ar\/ensenaryAprenderEnLaVirtualidad\/wp-json\/wp\/v2\/posts\/433\/revisions"}],"predecessor-version":[{"id":888,"href":"https:\/\/www.evelia.unrc.edu.ar\/ensenaryAprenderEnLaVirtualidad\/wp-json\/wp\/v2\/posts\/433\/revisions\/888"}],"wp:attachment":[{"href":"https:\/\/www.evelia.unrc.edu.ar\/ensenaryAprenderEnLaVirtualidad\/wp-json\/wp\/v2\/media?parent=433"}],"wp:term":[{"taxonomy":"category","embeddable":true,"href":"https:\/\/www.evelia.unrc.edu.ar\/ensenaryAprenderEnLaVirtualidad\/wp-json\/wp\/v2\/categories?post=433"},{"taxonomy":"post_tag","embeddable":true,"href":"https:\/\/www.evelia.unrc.edu.ar\/ensenaryAprenderEnLaVirtualidad\/wp-json\/wp\/v2\/tags?post=433"}],"curies":[{"name":"wp","href":"https:\/\/api.w.org\/{rel}","templated":true}]}}