{"id":1837,"date":"2022-09-27T15:38:26","date_gmt":"2022-09-27T15:38:26","guid":{"rendered":"https:\/\/www.evelia.unrc.edu.ar\/ensenaryAprenderEnLaVirtualidad\/?p=1837"},"modified":"2022-09-27T15:38:27","modified_gmt":"2022-09-27T15:38:27","slug":"curso-mi-primer-aula-virtual","status":"publish","type":"post","link":"https:\/\/www.evelia.unrc.edu.ar\/ensenaryAprenderEnLaVirtualidad\/2022\/09\/27\/curso-mi-primer-aula-virtual\/","title":{"rendered":"CURSO: \u00abMi primer aula Virtual\u00bb"},"content":{"rendered":"\n<figure class=\"wp-block-image size-large\"><img loading=\"lazy\" decoding=\"async\" width=\"1024\" height=\"254\" src=\"https:\/\/www.evelia.unrc.edu.ar\/ensenaryAprenderEnLaVirtualidad\/wp-content\/uploads\/2022\/09\/BannerWebmail-1024x254.jpg\" alt=\"\" class=\"wp-image-1838\" srcset=\"https:\/\/www.evelia.unrc.edu.ar\/ensenaryAprenderEnLaVirtualidad\/wp-content\/uploads\/2022\/09\/BannerWebmail-1024x254.jpg 1024w, https:\/\/www.evelia.unrc.edu.ar\/ensenaryAprenderEnLaVirtualidad\/wp-content\/uploads\/2022\/09\/BannerWebmail-300x74.jpg 300w, https:\/\/www.evelia.unrc.edu.ar\/ensenaryAprenderEnLaVirtualidad\/wp-content\/uploads\/2022\/09\/BannerWebmail-768x190.jpg 768w, https:\/\/www.evelia.unrc.edu.ar\/ensenaryAprenderEnLaVirtualidad\/wp-content\/uploads\/2022\/09\/BannerWebmail-1536x380.jpg 1536w, https:\/\/www.evelia.unrc.edu.ar\/ensenaryAprenderEnLaVirtualidad\/wp-content\/uploads\/2022\/09\/BannerWebmail-2048x507.jpg 2048w, https:\/\/www.evelia.unrc.edu.ar\/ensenaryAprenderEnLaVirtualidad\/wp-content\/uploads\/2022\/09\/BannerWebmail-1400x347.jpg 1400w, https:\/\/www.evelia.unrc.edu.ar\/ensenaryAprenderEnLaVirtualidad\/wp-content\/uploads\/2022\/09\/BannerWebmail-600x149.jpg 600w\" sizes=\"auto, (max-width: 1024px) 100vw, 1024px\" \/><figcaption>Descripci\u00f3n Accesible: La imagen ense\u00f1a una fotograf\u00eda decorativa de la UNRC. El texto dice \u00abMi primer aula Virtual\u00bb, Instancias Formativas en Educaci\u00f3n Mixta y Virtual, Sexta cohorte 2022. Adem\u00e1s se exponen los medios de contacto: Instagram: eveliaunrc, Correo:\u00a0<a rel=\"noreferrer noopener\" href=\"mailto:evelia@ac.unrc.edu.ar\" target=\"_blank\">evelia@ac.unrc.edu.ar<\/a>, Whatsapp:\u00a0+549 358 410-7193 (para mensajes de texto y audio, no llamadas). Tambi\u00e9n se presentan los logotipos de EVELiA y de la Universidad Nacional de R\u00edo Cuarto.\u00a0<\/figcaption><\/figure>\n\n\n\n<hr class=\"wp-block-separator\"\/>\n\n\n\n<!--more-->\n\n\n\n<p>\ud83d\udd16\u00a1 Atenci\u00f3n <strong>Docentes Universitarios<\/strong>!<\/p>\n\n\n\n<p>Los invitamos a participar del curso \u00abMi primer aula virtual\u00bb\ud83d\udc69\ud83c\udffb\u200d\ud83d\udcbb\ud83e\uddd1\ud83c\udffd\u200d\ud83d\udcbb\ud83d\udc68\ud83c\udffc\u200d\ud83d\udcbb<\/p>\n\n\n\n<p>La Inscripci\u00f3n estar\u00e1 disponible desde lunes 26\/09 al viernes 07\/10. El curso comienza el mi\u00e9rcoles 12\/10. \ud83d\udcc6<\/p>\n\n\n\n<p>El formulario de inscripci\u00f3n es el siguiente: <a href=\"https:\/\/forms.gle\/VctxERTeMLz2nmzS6\" target=\"_blank\" rel=\"noreferrer noopener\">https:\/\/forms.gle\/VctxERTeMLz2nmzS6<\/a> \ud83d\udcc4<\/p>\n\n\n\n<p>El curso es de modalidad virtual, con una duraci\u00f3n de 30 horas y posee reconocimiento institucional.<\/p>\n\n\n\n<p>Esta capacitaci\u00f3n es reconocida y acredita como uno de los cursos que conforman la <strong>Diplomatura Superior Ense\u00f1ar y aprender en Entornos Virtuales <\/strong>que se dicta durante el 2022 y 2023. Por lo tanto es una buena oportunidad para realizar la capacitaci\u00f3n y sumar a la Diplomatura. \ud83d\udc68\ud83c\udffb\u200d\ud83c\udf93<\/p>\n\n\n\n<p>Los esperamos en la capacitaci\u00f3n, Saludos!! \ud83d\udc4b\ud83c\udffb<\/p>\n","protected":false},"excerpt":{"rendered":"","protected":false},"author":2,"featured_media":0,"comment_status":"open","ping_status":"open","sticky":false,"template":"","format":"standard","meta":{"footnotes":""},"categories":[4,6],"tags":[],"class_list":["post-1837","post","type-post","status-publish","format-standard","hentry","category-aulas-extendidas","category-capacitaciones","clear"],"_links":{"self":[{"href":"https:\/\/www.evelia.unrc.edu.ar\/ensenaryAprenderEnLaVirtualidad\/wp-json\/wp\/v2\/posts\/1837","targetHints":{"allow":["GET"]}}],"collection":[{"href":"https:\/\/www.evelia.unrc.edu.ar\/ensenaryAprenderEnLaVirtualidad\/wp-json\/wp\/v2\/posts"}],"about":[{"href":"https:\/\/www.evelia.unrc.edu.ar\/ensenaryAprenderEnLaVirtualidad\/wp-json\/wp\/v2\/types\/post"}],"author":[{"embeddable":true,"href":"https:\/\/www.evelia.unrc.edu.ar\/ensenaryAprenderEnLaVirtualidad\/wp-json\/wp\/v2\/users\/2"}],"replies":[{"embeddable":true,"href":"https:\/\/www.evelia.unrc.edu.ar\/ensenaryAprenderEnLaVirtualidad\/wp-json\/wp\/v2\/comments?post=1837"}],"version-history":[{"count":1,"href":"https:\/\/www.evelia.unrc.edu.ar\/ensenaryAprenderEnLaVirtualidad\/wp-json\/wp\/v2\/posts\/1837\/revisions"}],"predecessor-version":[{"id":1839,"href":"https:\/\/www.evelia.unrc.edu.ar\/ensenaryAprenderEnLaVirtualidad\/wp-json\/wp\/v2\/posts\/1837\/revisions\/1839"}],"wp:attachment":[{"href":"https:\/\/www.evelia.unrc.edu.ar\/ensenaryAprenderEnLaVirtualidad\/wp-json\/wp\/v2\/media?parent=1837"}],"wp:term":[{"taxonomy":"category","embeddable":true,"href":"https:\/\/www.evelia.unrc.edu.ar\/ensenaryAprenderEnLaVirtualidad\/wp-json\/wp\/v2\/categories?post=1837"},{"taxonomy":"post_tag","embeddable":true,"href":"https:\/\/www.evelia.unrc.edu.ar\/ensenaryAprenderEnLaVirtualidad\/wp-json\/wp\/v2\/tags?post=1837"}],"curies":[{"name":"wp","href":"https:\/\/api.w.org\/{rel}","templated":true}]}}