{"id":1638,"date":"2022-08-01T15:22:03","date_gmt":"2022-08-01T15:22:03","guid":{"rendered":"https:\/\/www.evelia.unrc.edu.ar\/ensenaryAprenderEnLaVirtualidad\/?p=1638"},"modified":"2022-08-23T12:07:34","modified_gmt":"2022-08-23T12:07:34","slug":"actualizacion-evelia-1-8-3","status":"publish","type":"post","link":"https:\/\/www.evelia.unrc.edu.ar\/ensenaryAprenderEnLaVirtualidad\/2022\/08\/01\/actualizacion-evelia-1-8-3\/","title":{"rendered":"Actualizaci\u00f3n EVELiA 1.8.3"},"content":{"rendered":"\n<figure class=\"wp-block-image size-large\"><img loading=\"lazy\" decoding=\"async\" width=\"1024\" height=\"373\" src=\"https:\/\/www.evelia.unrc.edu.ar\/ensenaryAprenderEnLaVirtualidad\/wp-content\/uploads\/2022\/08\/actualizacion-1.8.3-1024x373.jpg\" alt=\"\" class=\"wp-image-1643\" srcset=\"https:\/\/www.evelia.unrc.edu.ar\/ensenaryAprenderEnLaVirtualidad\/wp-content\/uploads\/2022\/08\/actualizacion-1.8.3-1024x373.jpg 1024w, https:\/\/www.evelia.unrc.edu.ar\/ensenaryAprenderEnLaVirtualidad\/wp-content\/uploads\/2022\/08\/actualizacion-1.8.3-300x109.jpg 300w, https:\/\/www.evelia.unrc.edu.ar\/ensenaryAprenderEnLaVirtualidad\/wp-content\/uploads\/2022\/08\/actualizacion-1.8.3-768x280.jpg 768w, https:\/\/www.evelia.unrc.edu.ar\/ensenaryAprenderEnLaVirtualidad\/wp-content\/uploads\/2022\/08\/actualizacion-1.8.3-1536x560.jpg 1536w, https:\/\/www.evelia.unrc.edu.ar\/ensenaryAprenderEnLaVirtualidad\/wp-content\/uploads\/2022\/08\/actualizacion-1.8.3-1400x510.jpg 1400w, https:\/\/www.evelia.unrc.edu.ar\/ensenaryAprenderEnLaVirtualidad\/wp-content\/uploads\/2022\/08\/actualizacion-1.8.3-600x219.jpg 600w, https:\/\/www.evelia.unrc.edu.ar\/ensenaryAprenderEnLaVirtualidad\/wp-content\/uploads\/2022\/08\/actualizacion-1.8.3.jpg 1920w\" sizes=\"auto, (max-width: 1024px) 100vw, 1024px\" \/><figcaption>Descripci\u00f3n accesible: La imagen ense\u00f1a la portada de las Aulas virtuales EVELiA, el texto dice Actualizaci\u00f3n 1.8.3, se enriquece la herramienta materiales y se agiliza la inscripci\u00f3n en aulas. Adem\u00e1s se presentan el logo de la Universidad Nacional de R\u00edo Cuarto y de EVELiA.<\/figcaption><\/figure>\n\n\n\n<!--more-->\n\n\n\n<hr class=\"wp-block-separator\"\/>\n\n\n\n<p>La nueva actualizaci\u00f3n de EVELiA contempla:<\/p>\n\n\n\n<h2 class=\"wp-block-heading\">Secci\u00f3n de Materiales renovada<\/h2>\n\n\n\n<ul class=\"wp-block-list\"><li>Se reorganiza la secci\u00f3n de materiales, se unifican las secciones de materiales, software, enlaces y bibliotecas.<\/li><li>En materiales del aula se ofrece la posibilidad de subir un archivo o un enlace, indicar el periodo en el cual se podr\u00e1 visualizar, y para archivos se debe indicar el Tipo de Licencia y si se desea incluirlo en el Repositorio Digital.<\/li><li>La secci\u00f3n de Materiales Adicionales, se llamar\u00e1 ahora Materiales de la comisi\u00f3n, y permite la carga de archivos y enlaces, similar a la secci\u00f3n materiales del aula, solo que quedar\u00e1n vinculados a una comisi\u00f3n en particular.<\/li><li>La secci\u00f3n Mis materiales se llamar\u00e1 ahora Mis documentos, permite la carga de archivos con la posibilidad de compartir, y para los archivos que se comparten se debe indicar el Tipo de Visualizaci\u00f3n y el Tipo de Licencia.<\/li><li>Se agregaron las funcionalidades:<ul><li>Configurar Publicaci\u00f3n, para modificar el estado y la visualizaci\u00f3n de varios archivos seleccionados.<\/li><li>Importar de otras aulas, para copiar en mi aula archivos de otras aulas.<\/li><\/ul><\/li><\/ul>\n\n\n\n<ul class=\"wp-block-list\"><li>Cambia la visualizaci\u00f3n de materiales: al incorporar en archivos y carpetas el Estado (borrador\/p\u00fablico), y el Tipo de Visualizaci\u00f3n (siempre o por fechas) el docente visualizar\u00e1 todos los archivos cargados en el aula, mientras que el alumno solo visualizar\u00e1 los archivos, dependiendo de su Estado y Fecha de Visualizaci\u00f3n. De igual manera en la secci\u00f3n compartidos, podremos visualizar los archivos dependiendo de las fechas en que est\u00e9 disponible.<\/li><\/ul>\n\n\n\n<ul class=\"wp-block-list\"><li>Los cambios en la secci\u00f3n de materiales inciden sobre la clonaci\u00f3n de aulas, se deja la posibilidad de elegir si se quieren clonar materiales o no, (ya no est\u00e1 dividido por tipos de materiales), de elegir clonar se duplicar\u00e1 todo lo que est\u00e9 cargado tanto a nivel aula como a nivel comisi\u00f3n, y todos los archivos y carpetas que se clonen quedar\u00e1n en estado borrador.<\/li><\/ul>\n\n\n\n<h2 class=\"wp-block-heading\">Mejoras en la inscripci\u00f3n online.<\/h2>\n\n\n\n<ul class=\"wp-block-list\"><li>En la actual configuraci\u00f3n de Inscripci\u00f3n On line toda aula va a disponer de un c\u00f3digo de inscripci\u00f3n el cual depende del rol del estudiante, dichos c\u00f3digos se generar\u00e1n autom\u00e1ticamente con la creaci\u00f3n del aula y al aula se le asignar\u00e1 como periodo de inscripci\u00f3n 6 meses.<\/li><li>Se unifican la gesti\u00f3n de la Inscripci\u00f3n \u00c1gil y la gesti\u00f3n de la Inscripci\u00f3n On-line en un solo modo de inscripci\u00f3n, el cual se gestiona a trav\u00e9s de la secci\u00f3n de la Secretaria denominada Configuraci\u00f3n del Aula. Se visualizan los c\u00f3digos para los estudiantes.<\/li><li>Se quita la noci\u00f3n de que 0 es cupo ilimitado. y se debe indicar si las comisiones van a poseer cupo o no.<\/li><\/ul>\n\n\n\n<ul class=\"wp-block-list\"><li><strong>Inscripci\u00f3n on-line se denomina ahora Inscripci\u00f3n en aula<\/strong>, se pueden inscribir tanto alumnos como docentes o administradores, para inscribirse simplemente ingresa el c\u00f3digo correspondiente a su rol.<\/li><li>Se modifica la solicitud de aula, para solamente indicar si va a contar con inscripci\u00f3n mediante c\u00f3digo o con carga manual del docente.<\/li><\/ul>\n\n\n\n<h2 class=\"wp-block-heading\">Mejoras en el conteo de inicios de sesi\u00f3n.<\/h2>\n\n\n\n<ul class=\"wp-block-list\"><li>Este cambio no se muestra gr\u00e1ficamente, pero internamente se registran los accesos diferenci\u00e1ndolos entre los accesos con usuario y clave(tradicional), los de google, facebook, twitter y del Sial.<\/li><\/ul>\n\n\n\n<hr class=\"wp-block-separator\"\/>\n\n\n\n<p>Dudas? contactate con nuestra Mesa de Ayuda: <a href=\"mailto:evelia@ac.unrc.edu.ar\">evelia@ac.unrc.edu.ar<\/a> Whatsapp (desde las 8:30 hasta 10:30hs y de 15:00hs a 17:00 hs): +54 9 358 410-7193<\/p>\n","protected":false},"excerpt":{"rendered":"","protected":false},"author":2,"featured_media":0,"comment_status":"open","ping_status":"open","sticky":false,"template":"","format":"standard","meta":{"footnotes":""},"categories":[1],"tags":[],"class_list":["post-1638","post","type-post","status-publish","format-standard","hentry","category-sin-categoria","clear"],"_links":{"self":[{"href":"https:\/\/www.evelia.unrc.edu.ar\/ensenaryAprenderEnLaVirtualidad\/wp-json\/wp\/v2\/posts\/1638","targetHints":{"allow":["GET"]}}],"collection":[{"href":"https:\/\/www.evelia.unrc.edu.ar\/ensenaryAprenderEnLaVirtualidad\/wp-json\/wp\/v2\/posts"}],"about":[{"href":"https:\/\/www.evelia.unrc.edu.ar\/ensenaryAprenderEnLaVirtualidad\/wp-json\/wp\/v2\/types\/post"}],"author":[{"embeddable":true,"href":"https:\/\/www.evelia.unrc.edu.ar\/ensenaryAprenderEnLaVirtualidad\/wp-json\/wp\/v2\/users\/2"}],"replies":[{"embeddable":true,"href":"https:\/\/www.evelia.unrc.edu.ar\/ensenaryAprenderEnLaVirtualidad\/wp-json\/wp\/v2\/comments?post=1638"}],"version-history":[{"count":7,"href":"https:\/\/www.evelia.unrc.edu.ar\/ensenaryAprenderEnLaVirtualidad\/wp-json\/wp\/v2\/posts\/1638\/revisions"}],"predecessor-version":[{"id":1696,"href":"https:\/\/www.evelia.unrc.edu.ar\/ensenaryAprenderEnLaVirtualidad\/wp-json\/wp\/v2\/posts\/1638\/revisions\/1696"}],"wp:attachment":[{"href":"https:\/\/www.evelia.unrc.edu.ar\/ensenaryAprenderEnLaVirtualidad\/wp-json\/wp\/v2\/media?parent=1638"}],"wp:term":[{"taxonomy":"category","embeddable":true,"href":"https:\/\/www.evelia.unrc.edu.ar\/ensenaryAprenderEnLaVirtualidad\/wp-json\/wp\/v2\/categories?post=1638"},{"taxonomy":"post_tag","embeddable":true,"href":"https:\/\/www.evelia.unrc.edu.ar\/ensenaryAprenderEnLaVirtualidad\/wp-json\/wp\/v2\/tags?post=1638"}],"curies":[{"name":"wp","href":"https:\/\/api.w.org\/{rel}","templated":true}]}}