{"id":1273,"date":"2021-12-28T12:00:02","date_gmt":"2021-12-28T12:00:02","guid":{"rendered":"https:\/\/www.evelia.unrc.edu.ar\/ensenaryAprenderEnLaVirtualidad\/?p=1273"},"modified":"2021-12-28T12:00:02","modified_gmt":"2021-12-28T12:00:02","slug":"finalizo-la-capacitacion-presencial-para-nodocentes-herramientas-y-estrategias-de-trabajo-colaborativo-en-linea","status":"publish","type":"post","link":"https:\/\/www.evelia.unrc.edu.ar\/ensenaryAprenderEnLaVirtualidad\/2021\/12\/28\/finalizo-la-capacitacion-presencial-para-nodocentes-herramientas-y-estrategias-de-trabajo-colaborativo-en-linea\/","title":{"rendered":"Finaliz\u00f3 la capacitaci\u00f3n presencial para Nodocentes: \u00abHerramientas y estrategias de trabajo colaborativo en l\u00ednea\u00bb"},"content":{"rendered":"\n<figure class=\"wp-block-image size-large is-resized\"><img loading=\"lazy\" decoding=\"async\" src=\"https:\/\/www.evelia.unrc.edu.ar\/ensenaryAprenderEnLaVirtualidad\/wp-content\/uploads\/2021\/12\/Capacitaciones-Nodocentes-1024x373.jpg\" alt=\"\" class=\"wp-image-1276\" width=\"580\" height=\"211\" srcset=\"https:\/\/www.evelia.unrc.edu.ar\/ensenaryAprenderEnLaVirtualidad\/wp-content\/uploads\/2021\/12\/Capacitaciones-Nodocentes-1024x373.jpg 1024w, https:\/\/www.evelia.unrc.edu.ar\/ensenaryAprenderEnLaVirtualidad\/wp-content\/uploads\/2021\/12\/Capacitaciones-Nodocentes-300x109.jpg 300w, https:\/\/www.evelia.unrc.edu.ar\/ensenaryAprenderEnLaVirtualidad\/wp-content\/uploads\/2021\/12\/Capacitaciones-Nodocentes-768x280.jpg 768w, https:\/\/www.evelia.unrc.edu.ar\/ensenaryAprenderEnLaVirtualidad\/wp-content\/uploads\/2021\/12\/Capacitaciones-Nodocentes-1536x560.jpg 1536w, https:\/\/www.evelia.unrc.edu.ar\/ensenaryAprenderEnLaVirtualidad\/wp-content\/uploads\/2021\/12\/Capacitaciones-Nodocentes-1400x510.jpg 1400w, https:\/\/www.evelia.unrc.edu.ar\/ensenaryAprenderEnLaVirtualidad\/wp-content\/uploads\/2021\/12\/Capacitaciones-Nodocentes-600x219.jpg 600w, https:\/\/www.evelia.unrc.edu.ar\/ensenaryAprenderEnLaVirtualidad\/wp-content\/uploads\/2021\/12\/Capacitaciones-Nodocentes.jpg 1920w\" sizes=\"auto, (max-width: 580px) 100vw, 580px\" \/><figcaption>La imagen ense\u00f1a unas nubes de fondo. El texto dice: Finaliz\u00f3 la capacitaci\u00f3n presencial para Nodocentes: \u00abHerramientas y estrategias de trabajo colaborativo en l\u00ednea\u00bb. Adem\u00e1s se presentan los logotipos de la Universidad Nacional de R\u00edo Cuarto, de EVELiA, Google Drive y del cincuentenario de la UNRC.<\/figcaption><\/figure>\n\n\n\n<hr class=\"wp-block-separator\"\/>\n\n\n\n<!--more-->\n\n\n\n<h4 class=\"wp-block-heading\">Los destinatarios fueron Nodocentes de las Facultades de Agronom\u00eda y Veterinaria, Ciencias Humanas e Ingenier\u00eda<\/h4>\n\n\n\n<p>En el marco del <strong>\u201cPlan de Virtualizaci\u00f3n de la Educaci\u00f3n Superior 2021 (PlanVes II)\u201d<\/strong>, tramitado mediante expediente: 137.153. Estas propuestas formativas fueron coordinadas por el CECyF (Centro de Capacitaci\u00f3n y Formaci\u00f3n Nodocente, dependiente de la Secretar\u00eda de Trabajo de la UNRC) e implementada por el \u00c1rea de Capacitaci\u00f3n del Centro IRC dependiente de la Secretar\u00eda de Extensi\u00f3n y Desarrollo de la UNRC.<br><br>La propuesta de capacitaci\u00f3n y formaci\u00f3n tuvo como principal objetivo abordar t\u00e9cnicas y generar competencias para la utilizaci\u00f3n de herramientas inform\u00e1ticas en l\u00ednea que permiten la manipulaci\u00f3n, recolecci\u00f3n y distribuci\u00f3n de informaci\u00f3n entre equipos o \u00e1reas de trabajos, permitiendo optimizar tiempos y espacios de almacenamiento y gesti\u00f3n de la informaci\u00f3n en formato digital.<br><br>Entre los principales objetivos propuestos a alcanzar se consider\u00f3:<br>\u25cf Que el cursante adquiera las competencias para la gesti\u00f3n, almacenamiento y distribuci\u00f3n de la informaci\u00f3n mediante herramientas de procesamiento colaborativo en l\u00ednea.<br>\u25cf Que el cursante desarrolle las herramientas necesarias para la utilizaci\u00f3n y gesti\u00f3n de archivos comprimidos.<br><br>Se llevaron adelante 2 comisiones, una en turno ma\u00f1ana y otra en turno tarde.<\/p>\n\n\n\n<p><strong>Aprobaron el curso un total de 16 personas:<\/strong><\/p>\n\n\n\n<ul class=\"wp-block-list\"><li>6 de Agronom\u00eda y Veterinaria<\/li><li>4 de Ciencias Humanas<\/li><li>6 de Ingenier\u00eda<\/li><\/ul>\n","protected":false},"excerpt":{"rendered":"","protected":false},"author":2,"featured_media":0,"comment_status":"open","ping_status":"open","sticky":false,"template":"","format":"standard","meta":{"footnotes":""},"categories":[6,7],"tags":[],"class_list":["post-1273","post","type-post","status-publish","format-standard","hentry","category-capacitaciones","category-novedades","clear"],"_links":{"self":[{"href":"https:\/\/www.evelia.unrc.edu.ar\/ensenaryAprenderEnLaVirtualidad\/wp-json\/wp\/v2\/posts\/1273","targetHints":{"allow":["GET"]}}],"collection":[{"href":"https:\/\/www.evelia.unrc.edu.ar\/ensenaryAprenderEnLaVirtualidad\/wp-json\/wp\/v2\/posts"}],"about":[{"href":"https:\/\/www.evelia.unrc.edu.ar\/ensenaryAprenderEnLaVirtualidad\/wp-json\/wp\/v2\/types\/post"}],"author":[{"embeddable":true,"href":"https:\/\/www.evelia.unrc.edu.ar\/ensenaryAprenderEnLaVirtualidad\/wp-json\/wp\/v2\/users\/2"}],"replies":[{"embeddable":true,"href":"https:\/\/www.evelia.unrc.edu.ar\/ensenaryAprenderEnLaVirtualidad\/wp-json\/wp\/v2\/comments?post=1273"}],"version-history":[{"count":4,"href":"https:\/\/www.evelia.unrc.edu.ar\/ensenaryAprenderEnLaVirtualidad\/wp-json\/wp\/v2\/posts\/1273\/revisions"}],"predecessor-version":[{"id":1278,"href":"https:\/\/www.evelia.unrc.edu.ar\/ensenaryAprenderEnLaVirtualidad\/wp-json\/wp\/v2\/posts\/1273\/revisions\/1278"}],"wp:attachment":[{"href":"https:\/\/www.evelia.unrc.edu.ar\/ensenaryAprenderEnLaVirtualidad\/wp-json\/wp\/v2\/media?parent=1273"}],"wp:term":[{"taxonomy":"category","embeddable":true,"href":"https:\/\/www.evelia.unrc.edu.ar\/ensenaryAprenderEnLaVirtualidad\/wp-json\/wp\/v2\/categories?post=1273"},{"taxonomy":"post_tag","embeddable":true,"href":"https:\/\/www.evelia.unrc.edu.ar\/ensenaryAprenderEnLaVirtualidad\/wp-json\/wp\/v2\/tags?post=1273"}],"curies":[{"name":"wp","href":"https:\/\/api.w.org\/{rel}","templated":true}]}}