{"id":1063,"date":"2021-08-12T13:26:43","date_gmt":"2021-08-12T13:26:43","guid":{"rendered":"https:\/\/www.evelia.unrc.edu.ar\/ensenaryAprenderEnLaVirtualidad\/?p=1063"},"modified":"2021-08-23T12:15:22","modified_gmt":"2021-08-23T12:15:22","slug":"inician-las-inscripciones-para-la-tercera-cohorte-del-ano-2021-de-las-instancias-formativas-en-educacion-virtual-y-mixta","status":"publish","type":"post","link":"https:\/\/www.evelia.unrc.edu.ar\/ensenaryAprenderEnLaVirtualidad\/2021\/08\/12\/inician-las-inscripciones-para-la-tercera-cohorte-del-ano-2021-de-las-instancias-formativas-en-educacion-virtual-y-mixta\/","title":{"rendered":"INICIAN LAS INSCRIPCIONES PARA LA TERCERA COHORTE DEL A\u00d1O 2021 DE LAS INSTANCIAS FORMATIVAS EN EDUCACI\u00d3N VIRTUAL Y MIXTA."},"content":{"rendered":"\n<figure class=\"wp-block-image size-large\"><img loading=\"lazy\" decoding=\"async\" width=\"1024\" height=\"373\" src=\"https:\/\/www.evelia.unrc.edu.ar\/ensenaryAprenderEnLaVirtualidad\/wp-content\/uploads\/2021\/08\/hoja-de-ruta-02-1024x373.jpg\" alt=\"\" class=\"wp-image-1067\" srcset=\"https:\/\/www.evelia.unrc.edu.ar\/ensenaryAprenderEnLaVirtualidad\/wp-content\/uploads\/2021\/08\/hoja-de-ruta-02-1024x373.jpg 1024w, https:\/\/www.evelia.unrc.edu.ar\/ensenaryAprenderEnLaVirtualidad\/wp-content\/uploads\/2021\/08\/hoja-de-ruta-02-300x109.jpg 300w, https:\/\/www.evelia.unrc.edu.ar\/ensenaryAprenderEnLaVirtualidad\/wp-content\/uploads\/2021\/08\/hoja-de-ruta-02-768x280.jpg 768w, https:\/\/www.evelia.unrc.edu.ar\/ensenaryAprenderEnLaVirtualidad\/wp-content\/uploads\/2021\/08\/hoja-de-ruta-02-1536x560.jpg 1536w, https:\/\/www.evelia.unrc.edu.ar\/ensenaryAprenderEnLaVirtualidad\/wp-content\/uploads\/2021\/08\/hoja-de-ruta-02-2048x747.jpg 2048w, https:\/\/www.evelia.unrc.edu.ar\/ensenaryAprenderEnLaVirtualidad\/wp-content\/uploads\/2021\/08\/hoja-de-ruta-02-1400x511.jpg 1400w, https:\/\/www.evelia.unrc.edu.ar\/ensenaryAprenderEnLaVirtualidad\/wp-content\/uploads\/2021\/08\/hoja-de-ruta-02-600x219.jpg 600w\" sizes=\"auto, (max-width: 1024px) 100vw, 1024px\" \/><\/figure>\n\n\n\n<p>Estimadas\/os docentes, nos agrada comunicarles la apertura de las <strong>inscripciones<\/strong> para la tercera cohorte de las capacitaciones en <strong>&nbsp;Educaci\u00f3n Virtual y Mixta (blended learning)<\/strong> de la Universidad Nacional de R\u00edo Cuarto, llevadas a cabo en el marco de la \u201cPlanificaci\u00f3n en contextos de pandemia y pospandemia\u201d elaborada por Rectorado, Eje transversal \u00abPlataformas Tecnol\u00f3gicas en el contexto de virtualidad plena y presencialidad con virtualidad\u00bb.<\/p>\n\n\n\n<p>Las inscripciones se desarrollar\u00e1n hasta el <strong>27 de agosto<\/strong> y el inicio de cada curso se encuentra especificado en el detalle de las propuestas.<\/p>\n\n\n\n<ol class=\"wp-block-list\"><li><strong>Mi primer aula virtual en EVELIA<\/strong><\/li><\/ol>\n\n\n\n<figure class=\"wp-block-image\"><img decoding=\"async\" src=\"https:\/\/lh3.googleusercontent.com\/6MA1Tgd85PKZDw0guTk9fvKImzt9BQDNZtIWQ692AU-oRQSUS9m5FKVEElBK5HsRpOCWeqZsjn0E4K3XhefjOjUUuF76MEMKSIwYa_bT9rlpsWdvjj5OBJRvy1D9LDYh0z63dRfq\" alt=\"\"\/><\/figure>\n\n\n\n<!--more-->\n\n\n\n<p>Este curso tiene la intenci\u00f3n de formar y acompa\u00f1ar, en sus primeros pasos, a docentes que deseen implementar la utilizaci\u00f3n de aulas virtuales en sus pr\u00e1cticas educativas.<\/p>\n\n\n\n<p>CONTENIDOS: Entornos virtuales de ense\u00f1anza y aprendizaje. Aula Virtual como aula extendida. Pautas y sugerencias metodol\u00f3gicas. Entorno Virtual institucional EVELIA. Caracter\u00edsticas y herramientas disponibles en EVELIA. Gesti\u00f3n y Administraci\u00f3n de las aulas virtuales de EVELIA.<\/p>\n\n\n\n<p><strong>Fecha de inicio: 30\/08\/21<\/strong><\/p>\n\n\n\n<p><strong>Cupo: 50 inscriptos.<\/strong><\/p>\n\n\n\n<p><strong>Link de Inscripci\u00f3n:<\/strong> <a href=\"https:\/\/forms.gle\/3uJupBw5fzoa15rg6\">https:\/\/forms.gle\/3uJupBw5fzoa15rg6<\/a><\/p>\n\n\n\n<p>2. <strong>Estrategias de ense\u00f1anza en la virtualidad<\/strong><\/p>\n\n\n\n<figure class=\"wp-block-image\"><img decoding=\"async\" src=\"https:\/\/lh4.googleusercontent.com\/x9AcLoAgPb2kfpU67pzKpa11xR_xLI8-4dirVZgqZQEMO0nBaNye5QL3-hbs8FBOMOGFdZbLT9wMobnwJzmh0zcWO43GEJJ5iGOuhxnLbvqRtXCoQn7PO7qnxiBdsyL3VuP7o2OH\" alt=\"\"\/><\/figure>\n\n\n\n<p>Este curso tiene la intenci\u00f3n de promover la utilizaci\u00f3n de aulas virtuales en la UNRC para avanzar en el desarrollo parcial de las asignaturas en una modalidad no presencial o mixta (blended learning), analizando las formas de organizaci\u00f3n, comunicaci\u00f3n, acceso a los materiales, pr\u00e1cticas de aprendizaje y evaluaci\u00f3n, para redise\u00f1ar las propuestas pedag\u00f3gicas universitarias, dentro del marco de la normativa ministerial RME 2641\/17 y la Resoluci\u00f3n de Consejo Superior N\u00ba 297\/2017.<\/p>\n\n\n\n<p>CONTENIDOS: Entornos virtuales de ense\u00f1anza y aprendizaje. Aula Virtual como aula extendida. Pautas y sugerencias metodol\u00f3gicas. Entornos Virtuales institucionales. Dise\u00f1o de propuestas pedag\u00f3gicas. Dimensiones de un aula virtual. Estrategias de ense\u00f1anza.<\/p>\n\n\n\n<p><strong>Fecha de inicio: 30\/08\/21<\/strong><\/p>\n\n\n\n<p><strong>Cupo: 40 inscriptos.<\/strong><\/p>\n\n\n\n<p><strong>Link de inscripci\u00f3n:<\/strong> <a href=\"https:\/\/forms.gle\/CXGdxNBMdgpoWjX96\">https:\/\/forms.gle\/CXGdxNBMdgpoWjX96<\/a><\/p>\n\n\n\n<p>3. <strong>Evaluaci\u00f3n de aprendizajes en la virtualidad (Nivel I y Nivel II)<\/strong><\/p>\n\n\n\n<figure class=\"wp-block-image\"><img decoding=\"async\" src=\"https:\/\/lh3.googleusercontent.com\/vjw7x1bEJtxg1IkSU9SDVz-GKhg3D-gfzKgIyYOvN-6T9P-VUO2wFUAe9iWHaQcyu1tMem7XzA_7bHlTkVFuI30ezsHuJ5cd4MgANdQlweaRcwT8LCjVOvpzxzxK_JPnmrHfmaJX\" alt=\"\"\/><\/figure>\n\n\n\n<p>Este curso tiene la intenci\u00f3n de promover la utilizaci\u00f3n de aulas virtuales en la UNRC para avanzar en el desarrollo parcial de las asignaturas en una modalidad no presencial o mixta (blended learning), analizando las formas de evaluaci\u00f3n para redise\u00f1ar las propuestas pedag\u00f3gicas universitarias, dentro del marco de la normativa ministerial RME 2641\/17 y la Resoluci\u00f3n de Consejo Superior N\u00ba 297\/2017.<\/p>\n\n\n\n<p>CONTENIDOS: Dise\u00f1o de propuestas educativas con aulas virtuales. Evaluaci\u00f3n de los aprendizajes. La evaluaci\u00f3n diagn\u00f3stica, formativa o sumativa. Evaluaci\u00f3n, Calificaci\u00f3n y Acreditaci\u00f3n. Evaluaci\u00f3n en entornos virtuales. Herramientas para evaluaci\u00f3n disponibles en las aulas virtuales y su uso did\u00e1ctico. Sugerencias y consideraciones para la toma de ex\u00e1menes. An\u00e1lisis de experiencias ya desarrolladas.<\/p>\n\n\n\n<p>El nivel II de este curso tiene como principal objetivo conocer en profundidad la herramienta Evaluaciones de EVELIA, la cual permite implementar instancias (cuestionarios, autoevaluaciones y ex\u00e1menes en l\u00ednea) de car\u00e1cter evaluativa en los procesos educativos.<\/p>\n\n\n\n<p><strong>Fecha de inicio Nivel I: 30\/08\/21<\/strong><\/p>\n\n\n\n<p><strong>Cupo: 40 inscriptos.<\/strong><\/p>\n\n\n\n<p><strong>Link de Inscripci\u00f3n:<\/strong> <a href=\"https:\/\/forms.gle\/bu1E72diLB1MXyk37\">https:\/\/forms.gle\/bu1E72diLB1MXyk37<\/a><\/p>\n\n\n\n<p><strong>Fecha de inicio Nivel II: 01\/09\/21<\/strong><\/p>\n\n\n\n<p><strong>Cupo: 40 inscriptos<\/strong><\/p>\n\n\n\n<p><strong>Link de inscripci\u00f3n:<\/strong> <a href=\"https:\/\/forms.gle\/W39kCW4D4gT7hbGS6\">https:\/\/forms.gle\/W39kCW4D4gT7hbGS6<\/a><\/p>\n\n\n\n<p>4. <strong>Dise\u00f1o de materiales de aprendizaje. Herramientas para desarrollar clases de forma sincr\u00f3nica y asincr\u00f3nica<\/strong><\/p>\n\n\n\n<figure class=\"wp-block-image\"><img decoding=\"async\" src=\"https:\/\/lh5.googleusercontent.com\/Dj7IiAAZ1ErqVqngZ4dd3DCGIvXdu2CqgdpJEQTkz3wUadawQpsa14hbFXaT_ulOtD_zBvHmv-rcueW7qH_Y3q9PvocDRmxmmzVC64pAWuPIZwqIMt2-yS9m2PLOs5jEmSVLZoPK\" alt=\"\"\/><\/figure>\n\n\n\n<p>Este curso tiene la intenci\u00f3n de abordar, categorizar, analizar y apropiar diferentes herramientas que permiten dise\u00f1ar materiales, como as\u00ed tambi\u00e9n aquellas que son necesarias para el desarrollo de clases acompa\u00f1adas con materiales digitales.<\/p>\n\n\n\n<p>CONTENIDOS: Dise\u00f1o de materiales de aprendizaje. Herramientas para desarrollar clases de forma asincr\u00f3nica y sincr\u00f3nica (para grupos reducidos y para grupos masivos). \u00bfC\u00f3mo grabar clases utilizando VokoscreenNG, Loom, OBS, aTube Catcher u otras herramientas?. Editar y compartir videos sobre contenidos te\u00f3rico-pr\u00e1cticos. \u00bfC\u00f3mo transmitir clases en vivo?. \u00bfCu\u00e1ndo usar videoconferencias?.<\/p>\n\n\n\n<p><strong>Fecha de inicio: 30\/08\/21<\/strong><\/p>\n\n\n\n<p><strong>Cupo: 50 inscriptos.<\/strong><\/p>\n\n\n\n<p><strong>Link de Inscripci\u00f3n:<\/strong> <a href=\"https:\/\/forms.gle\/D1SAw4YNoV9rjwGA7\">https:\/\/forms.gle\/D1SAw4YNoV9rjwGA7<\/a><\/p>\n\n\n\n<p><strong>Derechos de autor y Licencias de uso<\/strong><\/p>\n\n\n\n<figure class=\"wp-block-image size-large\"><img loading=\"lazy\" decoding=\"async\" width=\"1024\" height=\"253\" src=\"https:\/\/www.evelia.unrc.edu.ar\/ensenaryAprenderEnLaVirtualidad\/wp-content\/uploads\/2021\/08\/Capacitaciones-2-da-cohorte-10-1024x253.jpg\" alt=\"\" class=\"wp-image-1064\" srcset=\"https:\/\/www.evelia.unrc.edu.ar\/ensenaryAprenderEnLaVirtualidad\/wp-content\/uploads\/2021\/08\/Capacitaciones-2-da-cohorte-10-1024x253.jpg 1024w, https:\/\/www.evelia.unrc.edu.ar\/ensenaryAprenderEnLaVirtualidad\/wp-content\/uploads\/2021\/08\/Capacitaciones-2-da-cohorte-10-300x74.jpg 300w, https:\/\/www.evelia.unrc.edu.ar\/ensenaryAprenderEnLaVirtualidad\/wp-content\/uploads\/2021\/08\/Capacitaciones-2-da-cohorte-10-768x190.jpg 768w, https:\/\/www.evelia.unrc.edu.ar\/ensenaryAprenderEnLaVirtualidad\/wp-content\/uploads\/2021\/08\/Capacitaciones-2-da-cohorte-10-1536x379.jpg 1536w, https:\/\/www.evelia.unrc.edu.ar\/ensenaryAprenderEnLaVirtualidad\/wp-content\/uploads\/2021\/08\/Capacitaciones-2-da-cohorte-10-2048x506.jpg 2048w, https:\/\/www.evelia.unrc.edu.ar\/ensenaryAprenderEnLaVirtualidad\/wp-content\/uploads\/2021\/08\/Capacitaciones-2-da-cohorte-10-1400x346.jpg 1400w, https:\/\/www.evelia.unrc.edu.ar\/ensenaryAprenderEnLaVirtualidad\/wp-content\/uploads\/2021\/08\/Capacitaciones-2-da-cohorte-10-600x148.jpg 600w\" sizes=\"auto, (max-width: 1024px) 100vw, 1024px\" \/><\/figure>\n\n\n\n<p><strong><\/strong><strong><br><\/strong>Este curso tiene la intenci\u00f3n de dar continuidad a las acciones de capacitaci\u00f3n que venimos realizando y promover la utilizaci\u00f3n del Repositorio Digital Institucional (en elaboraci\u00f3n) en el marco de la <em>Pol\u00edtica Institucional de Acceso Abierto que se est\u00e1 discutiendo para toda la Universidad<\/em>.<\/p>\n\n\n\n<p>El curso est\u00e1 destinado a docentes de la UNRC y se desarrollar\u00e1 bajo modalidad no presencial utilizando el <a href=\"http:\/\/www.evelia.unrc.edu.ar\/\">Campus Virtual EVELIA<\/a>. Est\u00e1 a cargo de especialistas en educaci\u00f3n a distancia y TIC.<\/p>\n\n\n\n<p>CONTENIDOS: Conocimiento y derecho de autor. Cultura participativa. Copyright y&nbsp; Licenciamiento de contenido. Tipos de licenciamiento. Repositorio de recursos libres. Repositorio Digital Institucional y Pol\u00edticas de Acceso Abierto de la UNRC.<\/p>\n\n\n\n<p><strong>Fecha de inicio: 30\/08\/21<\/strong><\/p>\n\n\n\n<p><strong>Cupo: 40 inscriptos.<\/strong><\/p>\n\n\n\n<p><strong>Link de Inscripci\u00f3n:<\/strong> <a href=\"https:\/\/forms.gle\/qw1hvVBUjyYsZdLS6\">https:\/\/forms.gle\/qw1hvVBUjyYsZdLS6<\/a><\/p>\n\n\n\n<p><strong>Ante cualquier consulta no duden en comunicarse a <\/strong><a href=\"mailto:unrcvirtual@ac.unrc.edu.ar\" target=\"_blank\" rel=\"noreferrer noopener\">unrcvirtual@ac.unrc.edu.ar<\/a><\/p>\n","protected":false},"excerpt":{"rendered":"<p>Estimadas\/os docentes, nos agrada comunicarles la apertura de las inscripciones para la tercera cohorte de las capacitaciones en &nbsp;Educaci\u00f3n Virtual y Mixta (blended learning) de la Universidad Nacional de R\u00edo Cuarto, llevadas a cabo en el marco de la \u201cPlanificaci\u00f3n en contextos de pandemia y pospandemia\u201d elaborada por Rectorado, Eje transversal \u00abPlataformas Tecnol\u00f3gicas en el&#8230; <a class=\"more-link\" href=\"https:\/\/www.evelia.unrc.edu.ar\/ensenaryAprenderEnLaVirtualidad\/2021\/08\/12\/inician-las-inscripciones-para-la-tercera-cohorte-del-ano-2021-de-las-instancias-formativas-en-educacion-virtual-y-mixta\/#more-1063\">Leer m\u00e1s &rarr;<\/a><\/p>\n","protected":false},"author":2,"featured_media":0,"comment_status":"open","ping_status":"open","sticky":false,"template":"","format":"standard","meta":{"footnotes":""},"categories":[6,7],"tags":[],"class_list":["post-1063","post","type-post","status-publish","format-standard","hentry","category-capacitaciones","category-novedades","clear"],"_links":{"self":[{"href":"https:\/\/www.evelia.unrc.edu.ar\/ensenaryAprenderEnLaVirtualidad\/wp-json\/wp\/v2\/posts\/1063","targetHints":{"allow":["GET"]}}],"collection":[{"href":"https:\/\/www.evelia.unrc.edu.ar\/ensenaryAprenderEnLaVirtualidad\/wp-json\/wp\/v2\/posts"}],"about":[{"href":"https:\/\/www.evelia.unrc.edu.ar\/ensenaryAprenderEnLaVirtualidad\/wp-json\/wp\/v2\/types\/post"}],"author":[{"embeddable":true,"href":"https:\/\/www.evelia.unrc.edu.ar\/ensenaryAprenderEnLaVirtualidad\/wp-json\/wp\/v2\/users\/2"}],"replies":[{"embeddable":true,"href":"https:\/\/www.evelia.unrc.edu.ar\/ensenaryAprenderEnLaVirtualidad\/wp-json\/wp\/v2\/comments?post=1063"}],"version-history":[{"count":4,"href":"https:\/\/www.evelia.unrc.edu.ar\/ensenaryAprenderEnLaVirtualidad\/wp-json\/wp\/v2\/posts\/1063\/revisions"}],"predecessor-version":[{"id":1070,"href":"https:\/\/www.evelia.unrc.edu.ar\/ensenaryAprenderEnLaVirtualidad\/wp-json\/wp\/v2\/posts\/1063\/revisions\/1070"}],"wp:attachment":[{"href":"https:\/\/www.evelia.unrc.edu.ar\/ensenaryAprenderEnLaVirtualidad\/wp-json\/wp\/v2\/media?parent=1063"}],"wp:term":[{"taxonomy":"category","embeddable":true,"href":"https:\/\/www.evelia.unrc.edu.ar\/ensenaryAprenderEnLaVirtualidad\/wp-json\/wp\/v2\/categories?post=1063"},{"taxonomy":"post_tag","embeddable":true,"href":"https:\/\/www.evelia.unrc.edu.ar\/ensenaryAprenderEnLaVirtualidad\/wp-json\/wp\/v2\/tags?post=1063"}],"curies":[{"name":"wp","href":"https:\/\/api.w.org\/{rel}","templated":true}]}}